{"id":2869,"date":"2023-06-26T15:17:13","date_gmt":"2023-06-26T19:17:13","guid":{"rendered":"https:\/\/oucouc100.wpenginepowered.com\/?p=2869"},"modified":"2023-06-30T15:40:58","modified_gmt":"2023-06-30T19:40:58","slug":"power-up-ouc-marks-100th-anniversary-of-serving-central-florida","status":"publish","type":"post","link":"https:\/\/ouc100.com\/vi\/media\/power-up-ouc-marks-100th-anniversary-of-serving-central-florida\/","title":{"rendered":"T\u0103ng s\u1ee9c m\u1ea1nh: OUC \u0111\u00e1nh d\u1ea5u k\u1ef7 ni\u1ec7m 100 n\u0103m ph\u1ee5c v\u1ee5 mi\u1ec1n Trung Florida"},"content":{"rendered":"<p><a href=\"https:\/\/ouc100.com\/vi\/\" style=\"pointer-events:none;text-decoration:none;color:inherit;\">OUC<\/a> \u0111\u00e1nh d\u1ea5u m\u1ed9t th\u1ebf k\u1ef7 ph\u1ee5c v\u1ee5 mi\u1ec1n Trung Florida v\u00e0o th\u1ee9 Hai.<\/p>\n<p>Th\u1ecb tr\u01b0\u1edfng Orlando Buddy Dyer tuy\u00ean b\u1ed1 h\u00f4m th\u1ee9 Hai l\u00e0 \u201cNg\u00e0y k\u1ef7 ni\u1ec7m 100 n\u0103m th\u00e0nh l\u1eadp OUC.\u201d<\/p>\n<p>C\u00e1c quan ch\u1ee9c cho bi\u1ebft OUC \u0111\u01b0\u1ee3c th\u00e0nh l\u1eadp v\u00e0o n\u0103m 1923 v\u1edbi t\u01b0 c\u00e1ch l\u00e0 m\u1ed9t \u1ee7y ban ti\u1ec7n \u00edch c\u1ee7a th\u00e0nh ph\u1ed1 \u0111\u1ec3 cung c\u1ea5p d\u1ecbch v\u1ee5 \u0111i\u1ec7n v\u00e0 n\u01b0\u1edbc cho c\u01b0 d\u00e2n v\u00e0 doanh nghi\u1ec7p c\u1ee7a Orlando.<\/p>\n<p>Cu\u1ed9c h\u1ecdp h\u1ed9i \u0111\u1ed3ng qu\u1ea3n tr\u1ecb \u0111\u1ea7u ti\u00ean c\u1ee7a c\u00f4ng ty \u0111\u01b0\u1ee3c t\u1ed5 ch\u1ee9c v\u00e0o ng\u00e0y 25 th\u00e1ng 6 n\u0103m 1923, t\u1ea1i Ng\u00e2n h\u00e0ng Qu\u1ed1c gia \u0110\u1ea7u ti\u00ean \u1edf Orlando.<\/p>\n<p><a href=\"https:\/\/news.yahoo.com\/power-ouc-marks-100th-anniversary-180215107.html\" rel=\"noopener\" target=\"_blank\">Ti\u1ebfp t\u1ee5c \u0111\u1ecdc c\u00e2u chuy\u1ec7n n\u00e0y tr\u00ean Yahoo.com \u00bb<\/a><!--56b6bb2f--><\/p>","protected":false},"excerpt":{"rendered":"<p>OUC marked a century of serving Central Florida on Monday. Orlando Mayor Buddy Dyer declared Monday \u201cOUC 100th Anniversary Day.\u201d Officials said OUC was founded in 1923 as a municipal utility commission to provide electric and water services to the residents and businesses of Orlando. The utility\u2019s first board meeting was held on June 25, [&hellip;]<\/p>\n","protected":false},"author":1,"featured_media":2857,"comment_status":"closed","ping_status":"closed","sticky":false,"template":"","format":"standard","meta":{"_acf_changed":false,"_et_pb_use_builder":"","_et_pb_old_content":"","_et_gb_content_width":"","inline_featured_image":false,"footnotes":""},"categories":[7],"tags":[],"class_list":["post-2869","post","type-post","status-publish","format-standard","has-post-thumbnail","hentry","category-media"],"acf":[],"yoast_head":"<!-- This site is optimized with the Yoast SEO plugin v27.4 - https:\/\/yoast.com\/product\/yoast-seo-wordpress\/ -->\n<title>Power up: OUC marks 100th anniversary of serving Central Florida | OUC 100<\/title>\n<meta name=\"description\" content=\"OUC marked a century of serving Central Florida on Monday. Orlando Mayor Buddy Dyer declared it \u201cOUC 100th Anniversary Day.\u201d\" \/>\n<meta name=\"robots\" content=\"index, follow, max-snippet:-1, max-image-preview:large, max-video-preview:-1\" \/>\n<link rel=\"canonical\" href=\"https:\/\/ouc100.com\/vi\/media\/power-up-ouc-marks-100th-anniversary-of-serving-central-florida\/\" \/>\n<meta property=\"og:locale\" content=\"vi_VN\" \/>\n<meta property=\"og:type\" content=\"article\" \/>\n<meta property=\"og:title\" content=\"Power up: OUC marks 100th anniversary of serving Central Florida | OUC 100\" \/>\n<meta property=\"og:description\" content=\"OUC marked a century of serving Central Florida on Monday. Orlando Mayor Buddy Dyer declared it \u201cOUC 100th Anniversary Day.\u201d\" \/>\n<meta property=\"og:url\" content=\"https:\/\/ouc100.com\/vi\/media\/power-up-ouc-marks-100th-anniversary-of-serving-central-florida\/\" \/>\n<meta property=\"og:site_name\" content=\"OUC 100\" \/>\n<meta property=\"article:publisher\" content=\"https:\/\/www.facebook.com\/oucthereliableone\" \/>\n<meta property=\"article:published_time\" content=\"2023-06-26T19:17:13+00:00\" \/>\n<meta property=\"article:modified_time\" content=\"2023-06-30T19:40:58+00:00\" \/>\n<meta property=\"og:image\" content=\"https:\/\/ouc100.com\/wp-content\/uploads\/2023\/06\/ouc-100-grdt.png\" \/>\n\t<meta property=\"og:image:width\" content=\"436\" \/>\n\t<meta property=\"og:image:height\" content=\"274\" \/>\n\t<meta property=\"og:image:type\" content=\"image\/png\" \/>\n<meta name=\"author\" content=\"psm_admin\" \/>\n<meta name=\"twitter:card\" content=\"summary_large_image\" \/>\n<meta name=\"twitter:creator\" content=\"@OUCreliableone\" \/>\n<meta name=\"twitter:site\" content=\"@OUCreliableone\" \/>\n<meta name=\"twitter:label1\" content=\"\u0110\u01b0\u1ee3c vi\u1ebft b\u1edfi\" \/>\n\t<meta name=\"twitter:data1\" content=\"psm_admin\" \/>\n\t<meta name=\"twitter:label2\" content=\"\u01af\u1edbc t\u00ednh th\u1eddi gian \u0111\u1ecdc\" \/>\n\t<meta name=\"twitter:data2\" content=\"1 ph\u00fat\" \/>\n<script type=\"application\/ld+json\" class=\"yoast-schema-graph\">{\"@context\":\"https:\\\/\\\/schema.org\",\"@graph\":[{\"@type\":\"Article\",\"@id\":\"https:\\\/\\\/ouc100.com\\\/media\\\/power-up-ouc-marks-100th-anniversary-of-serving-central-florida\\\/#article\",\"isPartOf\":{\"@id\":\"https:\\\/\\\/ouc100.com\\\/media\\\/power-up-ouc-marks-100th-anniversary-of-serving-central-florida\\\/\"},\"author\":{\"name\":\"psm_admin\",\"@id\":\"https:\\\/\\\/ouc100.com\\\/#\\\/schema\\\/person\\\/f11f3a69b758f68dc292f29c880021d2\"},\"headline\":\"Power up: OUC marks 100th anniversary of serving Central Florida\",\"datePublished\":\"2023-06-26T19:17:13+00:00\",\"dateModified\":\"2023-06-30T19:40:58+00:00\",\"mainEntityOfPage\":{\"@id\":\"https:\\\/\\\/ouc100.com\\\/media\\\/power-up-ouc-marks-100th-anniversary-of-serving-central-florida\\\/\"},\"wordCount\":77,\"publisher\":{\"@id\":\"https:\\\/\\\/ouc100.com\\\/#organization\"},\"image\":{\"@id\":\"https:\\\/\\\/ouc100.com\\\/media\\\/power-up-ouc-marks-100th-anniversary-of-serving-central-florida\\\/#primaryimage\"},\"thumbnailUrl\":\"https:\\\/\\\/ouc100.com\\\/wp-content\\\/uploads\\\/2023\\\/06\\\/ouc-100-grdt.png\",\"articleSection\":[\"Media\"],\"inLanguage\":\"vi\"},{\"@type\":\"WebPage\",\"@id\":\"https:\\\/\\\/ouc100.com\\\/media\\\/power-up-ouc-marks-100th-anniversary-of-serving-central-florida\\\/\",\"url\":\"https:\\\/\\\/ouc100.com\\\/media\\\/power-up-ouc-marks-100th-anniversary-of-serving-central-florida\\\/\",\"name\":\"Power up: OUC marks 100th anniversary of serving Central Florida | OUC 100\",\"isPartOf\":{\"@id\":\"https:\\\/\\\/ouc100.com\\\/#website\"},\"primaryImageOfPage\":{\"@id\":\"https:\\\/\\\/ouc100.com\\\/media\\\/power-up-ouc-marks-100th-anniversary-of-serving-central-florida\\\/#primaryimage\"},\"image\":{\"@id\":\"https:\\\/\\\/ouc100.com\\\/media\\\/power-up-ouc-marks-100th-anniversary-of-serving-central-florida\\\/#primaryimage\"},\"thumbnailUrl\":\"https:\\\/\\\/ouc100.com\\\/wp-content\\\/uploads\\\/2023\\\/06\\\/ouc-100-grdt.png\",\"datePublished\":\"2023-06-26T19:17:13+00:00\",\"dateModified\":\"2023-06-30T19:40:58+00:00\",\"description\":\"OUC marked a century of serving Central Florida on Monday. Orlando Mayor Buddy Dyer declared it \u201cOUC 100th Anniversary Day.\u201d\",\"breadcrumb\":{\"@id\":\"https:\\\/\\\/ouc100.com\\\/media\\\/power-up-ouc-marks-100th-anniversary-of-serving-central-florida\\\/#breadcrumb\"},\"inLanguage\":\"vi\",\"potentialAction\":[{\"@type\":\"ReadAction\",\"target\":[\"https:\\\/\\\/ouc100.com\\\/media\\\/power-up-ouc-marks-100th-anniversary-of-serving-central-florida\\\/\"]}]},{\"@type\":\"ImageObject\",\"inLanguage\":\"vi\",\"@id\":\"https:\\\/\\\/ouc100.com\\\/media\\\/power-up-ouc-marks-100th-anniversary-of-serving-central-florida\\\/#primaryimage\",\"url\":\"https:\\\/\\\/ouc100.com\\\/wp-content\\\/uploads\\\/2023\\\/06\\\/ouc-100-grdt.png\",\"contentUrl\":\"https:\\\/\\\/ouc100.com\\\/wp-content\\\/uploads\\\/2023\\\/06\\\/ouc-100-grdt.png\",\"width\":436,\"height\":274,\"caption\":\"OUC 100 years featured image - gradient\"},{\"@type\":\"BreadcrumbList\",\"@id\":\"https:\\\/\\\/ouc100.com\\\/media\\\/power-up-ouc-marks-100th-anniversary-of-serving-central-florida\\\/#breadcrumb\",\"itemListElement\":[{\"@type\":\"ListItem\",\"position\":1,\"name\":\"Home\",\"item\":\"https:\\\/\\\/ouc100.com\\\/en\\\/\"},{\"@type\":\"ListItem\",\"position\":2,\"name\":\"Power up: OUC marks 100th anniversary of serving Central Florida\"}]},{\"@type\":\"WebSite\",\"@id\":\"https:\\\/\\\/ouc100.com\\\/#website\",\"url\":\"https:\\\/\\\/ouc100.com\\\/\",\"name\":\"OUC 100\",\"description\":\"A Century of Reliability\",\"publisher\":{\"@id\":\"https:\\\/\\\/ouc100.com\\\/#organization\"},\"potentialAction\":[{\"@type\":\"SearchAction\",\"target\":{\"@type\":\"EntryPoint\",\"urlTemplate\":\"https:\\\/\\\/ouc100.com\\\/?s={search_term_string}\"},\"query-input\":{\"@type\":\"PropertyValueSpecification\",\"valueRequired\":true,\"valueName\":\"search_term_string\"}}],\"inLanguage\":\"vi\"},{\"@type\":\"Organization\",\"@id\":\"https:\\\/\\\/ouc100.com\\\/#organization\",\"name\":\"OUC-The Reliable One (Orlando Utilities Commission)\",\"url\":\"https:\\\/\\\/ouc100.com\\\/\",\"logo\":{\"@type\":\"ImageObject\",\"inLanguage\":\"vi\",\"@id\":\"https:\\\/\\\/ouc100.com\\\/#\\\/schema\\\/logo\\\/image\\\/\",\"url\":\"https:\\\/\\\/ouc100.com\\\/wp-content\\\/uploads\\\/2023\\\/06\\\/OUC100-logo-tagline-lockup-1.png\",\"contentUrl\":\"https:\\\/\\\/ouc100.com\\\/wp-content\\\/uploads\\\/2023\\\/06\\\/OUC100-logo-tagline-lockup-1.png\",\"width\":1200,\"height\":420,\"caption\":\"OUC-The Reliable One (Orlando Utilities Commission)\"},\"image\":{\"@id\":\"https:\\\/\\\/ouc100.com\\\/#\\\/schema\\\/logo\\\/image\\\/\"},\"sameAs\":[\"https:\\\/\\\/www.facebook.com\\\/oucthereliableone\",\"https:\\\/\\\/x.com\\\/OUCreliableone\",\"https:\\\/\\\/www.youtube.com\\\/user\\\/OUCTV\",\"https:\\\/\\\/www.instagram.com\\\/oucreliableone\\\/\"]},{\"@type\":\"Person\",\"@id\":\"https:\\\/\\\/ouc100.com\\\/#\\\/schema\\\/person\\\/f11f3a69b758f68dc292f29c880021d2\",\"name\":\"psm_admin\",\"image\":{\"@type\":\"ImageObject\",\"inLanguage\":\"vi\",\"@id\":\"https:\\\/\\\/secure.gravatar.com\\\/avatar\\\/599ed8859e914c2ef7a2ea3fb2991c4590dd6f71b6f9c02b88454f4372fa4b12?s=96&d=mm&r=g\",\"url\":\"https:\\\/\\\/secure.gravatar.com\\\/avatar\\\/599ed8859e914c2ef7a2ea3fb2991c4590dd6f71b6f9c02b88454f4372fa4b12?s=96&d=mm&r=g\",\"contentUrl\":\"https:\\\/\\\/secure.gravatar.com\\\/avatar\\\/599ed8859e914c2ef7a2ea3fb2991c4590dd6f71b6f9c02b88454f4372fa4b12?s=96&d=mm&r=g\",\"caption\":\"psm_admin\"}}]}<\/script>\n<!-- \/ Yoast SEO plugin. -->","yoast_head_json":{"title":"Power up: OUC marks 100th anniversary of serving Central Florida | OUC 100","description":"OUC marked a century of serving Central Florida on Monday. Orlando Mayor Buddy Dyer declared it \u201cOUC 100th Anniversary Day.\u201d","robots":{"index":"index","follow":"follow","max-snippet":"max-snippet:-1","max-image-preview":"max-image-preview:large","max-video-preview":"max-video-preview:-1"},"canonical":"https:\/\/ouc100.com\/vi\/media\/power-up-ouc-marks-100th-anniversary-of-serving-central-florida\/","og_locale":"vi_VN","og_type":"article","og_title":"Power up: OUC marks 100th anniversary of serving Central Florida | OUC 100","og_description":"OUC marked a century of serving Central Florida on Monday. Orlando Mayor Buddy Dyer declared it \u201cOUC 100th Anniversary Day.\u201d","og_url":"https:\/\/ouc100.com\/vi\/media\/power-up-ouc-marks-100th-anniversary-of-serving-central-florida\/","og_site_name":"OUC 100","article_publisher":"https:\/\/www.facebook.com\/oucthereliableone","article_published_time":"2023-06-26T19:17:13+00:00","article_modified_time":"2023-06-30T19:40:58+00:00","og_image":[{"width":436,"height":274,"url":"https:\/\/ouc100.com\/wp-content\/uploads\/2023\/06\/ouc-100-grdt.png","type":"image\/png"}],"author":"psm_admin","twitter_card":"summary_large_image","twitter_creator":"@OUCreliableone","twitter_site":"@OUCreliableone","twitter_misc":{"\u0110\u01b0\u1ee3c vi\u1ebft b\u1edfi":"psm_admin","\u01af\u1edbc t\u00ednh th\u1eddi gian \u0111\u1ecdc":"1 ph\u00fat"},"schema":{"@context":"https:\/\/schema.org","@graph":[{"@type":"Article","@id":"https:\/\/ouc100.com\/media\/power-up-ouc-marks-100th-anniversary-of-serving-central-florida\/#article","isPartOf":{"@id":"https:\/\/ouc100.com\/media\/power-up-ouc-marks-100th-anniversary-of-serving-central-florida\/"},"author":{"name":"psm_admin","@id":"https:\/\/ouc100.com\/#\/schema\/person\/f11f3a69b758f68dc292f29c880021d2"},"headline":"Power up: OUC marks 100th anniversary of serving Central Florida","datePublished":"2023-06-26T19:17:13+00:00","dateModified":"2023-06-30T19:40:58+00:00","mainEntityOfPage":{"@id":"https:\/\/ouc100.com\/media\/power-up-ouc-marks-100th-anniversary-of-serving-central-florida\/"},"wordCount":77,"publisher":{"@id":"https:\/\/ouc100.com\/#organization"},"image":{"@id":"https:\/\/ouc100.com\/media\/power-up-ouc-marks-100th-anniversary-of-serving-central-florida\/#primaryimage"},"thumbnailUrl":"https:\/\/ouc100.com\/wp-content\/uploads\/2023\/06\/ouc-100-grdt.png","articleSection":["Media"],"inLanguage":"vi"},{"@type":"WebPage","@id":"https:\/\/ouc100.com\/media\/power-up-ouc-marks-100th-anniversary-of-serving-central-florida\/","url":"https:\/\/ouc100.com\/media\/power-up-ouc-marks-100th-anniversary-of-serving-central-florida\/","name":"Power up: OUC marks 100th anniversary of serving Central Florida | OUC 100","isPartOf":{"@id":"https:\/\/ouc100.com\/#website"},"primaryImageOfPage":{"@id":"https:\/\/ouc100.com\/media\/power-up-ouc-marks-100th-anniversary-of-serving-central-florida\/#primaryimage"},"image":{"@id":"https:\/\/ouc100.com\/media\/power-up-ouc-marks-100th-anniversary-of-serving-central-florida\/#primaryimage"},"thumbnailUrl":"https:\/\/ouc100.com\/wp-content\/uploads\/2023\/06\/ouc-100-grdt.png","datePublished":"2023-06-26T19:17:13+00:00","dateModified":"2023-06-30T19:40:58+00:00","description":"OUC marked a century of serving Central Florida on Monday. Orlando Mayor Buddy Dyer declared it \u201cOUC 100th Anniversary Day.\u201d","breadcrumb":{"@id":"https:\/\/ouc100.com\/media\/power-up-ouc-marks-100th-anniversary-of-serving-central-florida\/#breadcrumb"},"inLanguage":"vi","potentialAction":[{"@type":"ReadAction","target":["https:\/\/ouc100.com\/media\/power-up-ouc-marks-100th-anniversary-of-serving-central-florida\/"]}]},{"@type":"ImageObject","inLanguage":"vi","@id":"https:\/\/ouc100.com\/media\/power-up-ouc-marks-100th-anniversary-of-serving-central-florida\/#primaryimage","url":"https:\/\/ouc100.com\/wp-content\/uploads\/2023\/06\/ouc-100-grdt.png","contentUrl":"https:\/\/ouc100.com\/wp-content\/uploads\/2023\/06\/ouc-100-grdt.png","width":436,"height":274,"caption":"OUC 100 years featured image - gradient"},{"@type":"BreadcrumbList","@id":"https:\/\/ouc100.com\/media\/power-up-ouc-marks-100th-anniversary-of-serving-central-florida\/#breadcrumb","itemListElement":[{"@type":"ListItem","position":1,"name":"Home","item":"https:\/\/ouc100.com\/en\/"},{"@type":"ListItem","position":2,"name":"Power up: OUC marks 100th anniversary of serving Central Florida"}]},{"@type":"WebSite","@id":"https:\/\/ouc100.com\/#website","url":"https:\/\/ouc100.com\/","name":"100 OUC","description":"M\u1ed9t th\u1ebf k\u1ef7 \u0111\u00e1ng tin c\u1eady","publisher":{"@id":"https:\/\/ouc100.com\/#organization"},"potentialAction":[{"@type":"SearchAction","target":{"@type":"EntryPoint","urlTemplate":"https:\/\/ouc100.com\/?s={search_term_string}"},"query-input":{"@type":"PropertyValueSpecification","valueRequired":true,"valueName":"search_term_string"}}],"inLanguage":"vi"},{"@type":"Organization","@id":"https:\/\/ouc100.com\/#organization","name":"OUC-The Reliable One (Orlando Utilities Commission)","url":"https:\/\/ouc100.com\/","logo":{"@type":"ImageObject","inLanguage":"vi","@id":"https:\/\/ouc100.com\/#\/schema\/logo\/image\/","url":"https:\/\/ouc100.com\/wp-content\/uploads\/2023\/06\/OUC100-logo-tagline-lockup-1.png","contentUrl":"https:\/\/ouc100.com\/wp-content\/uploads\/2023\/06\/OUC100-logo-tagline-lockup-1.png","width":1200,"height":420,"caption":"OUC-The Reliable One (Orlando Utilities Commission)"},"image":{"@id":"https:\/\/ouc100.com\/#\/schema\/logo\/image\/"},"sameAs":["https:\/\/www.facebook.com\/oucthereliableone","https:\/\/x.com\/OUCreliableone","https:\/\/www.youtube.com\/user\/OUCTV","https:\/\/www.instagram.com\/oucreliableone\/"]},{"@type":"Person","@id":"https:\/\/ouc100.com\/#\/schema\/person\/f11f3a69b758f68dc292f29c880021d2","name":"qu\u1ea3n tr\u1ecb vi\u00ean psm","image":{"@type":"ImageObject","inLanguage":"vi","@id":"https:\/\/secure.gravatar.com\/avatar\/599ed8859e914c2ef7a2ea3fb2991c4590dd6f71b6f9c02b88454f4372fa4b12?s=96&d=mm&r=g","url":"https:\/\/secure.gravatar.com\/avatar\/599ed8859e914c2ef7a2ea3fb2991c4590dd6f71b6f9c02b88454f4372fa4b12?s=96&d=mm&r=g","contentUrl":"https:\/\/secure.gravatar.com\/avatar\/599ed8859e914c2ef7a2ea3fb2991c4590dd6f71b6f9c02b88454f4372fa4b12?s=96&d=mm&r=g","caption":"psm_admin"}}]}},"_links":{"self":[{"href":"https:\/\/ouc100.com\/vi\/wp-json\/wp\/v2\/posts\/2869","targetHints":{"allow":["GET"]}}],"collection":[{"href":"https:\/\/ouc100.com\/vi\/wp-json\/wp\/v2\/posts"}],"about":[{"href":"https:\/\/ouc100.com\/vi\/wp-json\/wp\/v2\/types\/post"}],"author":[{"embeddable":true,"href":"https:\/\/ouc100.com\/vi\/wp-json\/wp\/v2\/users\/1"}],"replies":[{"embeddable":true,"href":"https:\/\/ouc100.com\/vi\/wp-json\/wp\/v2\/comments?post=2869"}],"version-history":[{"count":0,"href":"https:\/\/ouc100.com\/vi\/wp-json\/wp\/v2\/posts\/2869\/revisions"}],"wp:featuredmedia":[{"embeddable":true,"href":"https:\/\/ouc100.com\/vi\/wp-json\/wp\/v2\/media\/2857"}],"wp:attachment":[{"href":"https:\/\/ouc100.com\/vi\/wp-json\/wp\/v2\/media?parent=2869"}],"wp:term":[{"taxonomy":"category","embeddable":true,"href":"https:\/\/ouc100.com\/vi\/wp-json\/wp\/v2\/categories?post=2869"},{"taxonomy":"post_tag","embeddable":true,"href":"https:\/\/ouc100.com\/vi\/wp-json\/wp\/v2\/tags?post=2869"}],"curies":[{"name":"wp","href":"https:\/\/api.w.org\/{rel}","templated":true}]}}