{"id":2882,"date":"2023-06-26T15:44:52","date_gmt":"2023-06-26T19:44:52","guid":{"rendered":"https:\/\/oucouc100.wpenginepowered.com\/?p=2882"},"modified":"2023-06-30T15:40:57","modified_gmt":"2023-06-30T19:40:57","slug":"mayor-declares-ouc-100th-anniversary-day","status":"publish","type":"post","link":"https:\/\/ouc100.com\/fr\/news\/mayor-declares-ouc-100th-anniversary-day\/","title":{"rendered":"Le maire d\u00e9clare la \u00abJourn\u00e9e du 100e anniversaire de l&#039;OUC\u00bb"},"content":{"rendered":"<p><em style=\"font-size:80%;line-height:1;\">Image ci-dessus\u00a0: le maire d&#039;Orlando, Buddy\u00a0Dyer (au centre), pr\u00e9sente la proclamation de la &quot;Journ\u00e9e du 100e anniversaire de l&#039;OUC&quot; \u00e0 la pr\u00e9sidente du conseil d&#039;administration de l&#039;OUC, Britta Gross (\u00e0 gauche), et au directeur g\u00e9n\u00e9ral et PDG, Clint Bullock, lors de la c\u00e9r\u00e9monie \u00e0 l&#039;h\u00f4tel de ville. <\/em><\/p>\n<p>L&#039;histoire de l&#039;OUC - Le <em>Fiable<\/em> L&#039;un a enregistr\u00e9 une autre \u00e9tape m\u00e9morable comme <a href=\"https:\/\/www.orlando.gov\/Our-Government\/Mayor-City-Council\/Buddy-Dyer\" rel=\"noopener\" target=\"_blank\">Buddy Dyer, maire d&#039;Orlando<\/a> a accord\u00e9 une reconnaissance sp\u00e9ciale au 26 juin 2023, en le d\u00e9clarant \u00ab Jour du 100e anniversaire de l&#039;OUC \u00bb lors d&#039;une c\u00e9r\u00e9monie \u00e0 l&#039;h\u00f4tel de ville.   <\/p>\n<p>\u00ab \u00c0 Orlando, nous sommes tr\u00e8s chanceux d&#039;avoir un service public municipal qui fait vraiment partie de notre communaut\u00e9. L&#039;OUC s&#039;est toujours concentr\u00e9e sur le service aux r\u00e9sidents et aux entreprises et participe activement aux efforts visant \u00e0 faire d&#039;Orlando un endroit o\u00f9 il fait bon vivre, travailler et visiter \u00bb, a d\u00e9clar\u00e9 le maire Dyer dans son allocution d&#039;ouverture. &quot;Je tiens \u00e0 remercier les employ\u00e9s d&#039;OUC, pass\u00e9s et pr\u00e9sents, pour leur engagement \u00e0 servir la communaut\u00e9 et \u00e0 aider OUC \u00e0 devenir The <em>Fiable<\/em> One et The Sustainable One. <\/p>\n<p>En lisant une proclamation, le maire Dyer, qui est membre du conseil des commissaires de l&#039;OUC, a mentionn\u00e9 des faits saillants importants dans l&#039;h\u00e9ritage du service public de la ville natale, notamment le 19 juin 2023, date \u00e0 laquelle l&#039;OUC a \u00e9t\u00e9 officiellement cr\u00e9\u00e9e, et l&#039;engagement de 2020 d&#039;atteindre z\u00e9ro \u00e9mission nette de CO2 d&#039;ici 2050. Les contributions de l&#039;OUC \u00e0 la communaut\u00e9 ont \u00e9galement \u00e9t\u00e9 reconnues par le biais du b\u00e9n\u00e9volat des employ\u00e9s, des programmes d&#039;assistance \u00e0 la client\u00e8le, des initiatives de conservation, des projets de revitalisation des quartiers et du soutien aux \u00e9v\u00e9nements artistiques et culturels.<\/p>\n<blockquote><p>&quot;La ville d&#039;Orlando est fi\u00e8re de se joindre \u00e0 la comm\u00e9moration du centenaire de l&#039;OUC, en c\u00e9l\u00e9brant son pass\u00e9 et en attirant \u00e9galement l&#039;attention de notre communaut\u00e9 sur son avenir - un autre si\u00e8cle comme The <em>Fiable<\/em> Un.&quot;<br \/>\n\u2014Buddy Dyer, maire d&#039;Orlando<\/p><\/blockquote>\n<p>En d\u00e9clarant le 26 juin 2023, \u00abJour du 100e anniversaire de l&#039;OUC\u00bb, la proclamation a d\u00e9clar\u00e9: \u00abLa ville d&#039;Orlando est fi\u00e8re de se joindre \u00e0 la comm\u00e9moration du centenaire de l&#039;OUC, en c\u00e9l\u00e9brant son pass\u00e9 et en attirant \u00e9galement l&#039;attention de notre communaut\u00e9 sur son avenir - un autre si\u00e8cle comme le <em>Fiable<\/em> Un.&quot;  <\/p>\n<p>Suite \u00e0 l&#039;annonce du maire, <a href=\"https:\/\/www.ouc.com\/about-ouc\/ouc-commission\/governing-board\" rel=\"noopener\" target=\"_blank\">Britta Gross, pr\u00e9sidente du conseil d&#039;administration de l&#039;OUC<\/a> a remarqu\u00e9 le succ\u00e8s d&#039;OUC \u00e0 atteindre un sommet que peu d&#039;entreprises vivent pour voir. <\/p>\n<p>&quot;C&#039;est tellement rare qu&#039;il n&#039;y a pas beaucoup de donn\u00e9es autour de cela, mais la th\u00e9orie dominante est qu&#039;environ un demi pour cent - c&#039;est z\u00e9ro virgule cinq pour cent - des entreprises durent 100 ans&quot;, a-t-elle d\u00e9clar\u00e9. <\/p>\n<p>Gross a partag\u00e9 des moments importants du pass\u00e9 d&#039;OUC, tels que le don par le service public de la fontaine du lac Eola et sa d\u00e9cision de pomper l&#039;eau de l&#039;aquif\u00e8re de Floride, tous deux survenus en 1957. En 1993, OUC a test\u00e9 un v\u00e9hicule \u00e9lectrique (VE) \u00e9quip\u00e9 de panneaux solaires. , stimulant l&#039;int\u00e9r\u00eat du service public pour l&#039;\u00e9lectrification des transports. 1997 a vu l&#039;ouverture de la premi\u00e8re des sept usines d&#039;eau glac\u00e9e et, en 2022, la construction a commenc\u00e9 sur le premier campus \u00e0 \u00e9nergie nette z\u00e9ro en Floride \u00e0 \u00eatre construit pour un service public, le St.Cloud Operations &amp; Maintenance Center.<\/p>\n<p>En tant qu&#039;employ\u00e9 de deuxi\u00e8me g\u00e9n\u00e9ration d&#039;OUC, <a href=\"https:\/\/www.ouc.com\/about-ouc\/news\/2022\/12\/01\/ouc-s-clint-bullock-named-to-florida-500-for-fourth-consecutive-year\" rel=\"noopener\" target=\"_blank\">Clint Bullock, directeur g\u00e9n\u00e9ral et PDG<\/a>, a d\u00e9clar\u00e9 avoir une perspective unique de la transformation du service public au fil des ans. <\/p>\n<p>&quot;C&#039;est quelque peu surr\u00e9aliste d&#039;\u00eatre ici aujourd&#039;hui pour c\u00e9l\u00e9brer un si\u00e8cle de fiabilit\u00e9&quot;, a d\u00e9clar\u00e9 Bullock. &quot;Bien que je travaille chez OUC depuis 34 ans, je suis le fils d&#039;un ancien monteur de ligne OUC, ce qui signifie que j&#039;ai grandi aux c\u00f4t\u00e9s du service public et de notre communaut\u00e9 pendant plus de la moiti\u00e9 des 100 ans que nous reconnaissons.&quot;<\/p>\n<p>Bullock a salu\u00e9 la relation que l&#039;OUC et la ville d&#039;Orlando ont forg\u00e9e et a attir\u00e9 l&#039;attention sur quelques projets cl\u00e9s que le partenariat a rendus possibles. Les projets mis en \u00e9vidence comprennent <a href=\"https:\/\/oucblog.com\/orlandos-e-bus-makes-debut\/\" rel=\"noopener\" target=\"_blank\">L&#039;adoption des bus \u00e9lectriques par LYNX<\/a>, le <a href=\"https:\/\/oucblog.com\/pledge-seals-commitments-to-use-100-solar-by-2030\/\" rel=\"noopener\" target=\"_blank\">Engagement Solaire 2030<\/a> offerts aux clients commerciaux, et la construction d&#039;une infrastructure de recharge de VE qui prend en charge plus de 400 chargeurs et le <a href=\"https:\/\/oucblog.com\/robinson-recharge-mobility-hub-soft-opens\/\" rel=\"noopener\" target=\"_blank\">Centre de mobilit\u00e9 Robinson Recharge<\/a>.  <\/p>\n<p>\u00ab En travaillant ensemble, nous avons pu am\u00e9liorer la vie de ceux que nous servons aujourd&#039;hui et de ceux que nous servirons pour les g\u00e9n\u00e9rations \u00e0 venir \u00bb, a d\u00e9clar\u00e9 Bullock.<\/p>\n<p><a href=\"https:\/\/ouc100.com\/wp-content\/uploads\/2023\/06\/OUC-100th-Anniversary-Proclamation_6.26.23.pdf\" rel=\"noopener\" target=\"_blank\">Lire la proclamation officielle \u00bb<\/a><!--c576ee0b--><\/p>","protected":false},"excerpt":{"rendered":"<p>Le maire d&#039;Orlando, Buddy Dyer, a accord\u00e9 une reconnaissance particuli\u00e8re au 26 juin 2023, en le d\u00e9clarant \u00ab\u00a0Jour du 100e anniversaire de l&#039;OUC\u00a0\u00bb lors d&#039;une c\u00e9r\u00e9monie \u00e0 l&#039;h\u00f4tel de ville.<\/p>","protected":false},"author":1,"featured_media":2819,"comment_status":"closed","ping_status":"closed","sticky":false,"template":"","format":"standard","meta":{"_acf_changed":false,"_et_pb_use_builder":"","_et_pb_old_content":"","_et_gb_content_width":"","inline_featured_image":false,"footnotes":""},"categories":[1],"tags":[],"class_list":["post-2882","post","type-post","status-publish","format-standard","has-post-thumbnail","hentry","category-news"],"acf":[],"yoast_head":"<!-- This site is optimized with the Yoast SEO plugin v27.4 - https:\/\/yoast.com\/product\/yoast-seo-wordpress\/ -->\n<title>Mayor Declares &quot;OUC 100th Anniversary Day&quot; | OUC 100 News<\/title>\n<meta name=\"description\" content=\"Orlando Mayor Buddy Dyer gave special recognition to June 26, 2023, declaring it \u201cOUC 100th Anniversary Day\u201d in a City Hall ceremony.\" \/>\n<meta name=\"robots\" content=\"index, follow, max-snippet:-1, max-image-preview:large, max-video-preview:-1\" \/>\n<link rel=\"canonical\" href=\"https:\/\/ouc100.com\/fr\/news\/mayor-declares-ouc-100th-anniversary-day\/\" \/>\n<meta property=\"og:locale\" content=\"fr_FR\" \/>\n<meta property=\"og:type\" content=\"article\" \/>\n<meta property=\"og:title\" content=\"Mayor Declares &quot;OUC 100th Anniversary Day&quot; | OUC 100 News\" \/>\n<meta property=\"og:description\" content=\"Orlando Mayor Buddy Dyer gave special recognition to June 26, 2023, declaring it \u201cOUC 100th Anniversary Day\u201d in a City Hall ceremony.\" \/>\n<meta property=\"og:url\" content=\"https:\/\/ouc100.com\/fr\/news\/mayor-declares-ouc-100th-anniversary-day\/\" \/>\n<meta property=\"og:site_name\" content=\"OUC 100\" \/>\n<meta property=\"article:publisher\" content=\"https:\/\/www.facebook.com\/oucthereliableone\" \/>\n<meta property=\"article:published_time\" content=\"2023-06-26T19:44:52+00:00\" \/>\n<meta property=\"article:modified_time\" content=\"2023-06-30T19:40:57+00:00\" \/>\n<meta property=\"og:image\" content=\"https:\/\/ouc100.com\/wp-content\/uploads\/2023\/06\/proclamation-2.jpg\" \/>\n\t<meta property=\"og:image:width\" content=\"1364\" \/>\n\t<meta property=\"og:image:height\" content=\"743\" \/>\n\t<meta property=\"og:image:type\" content=\"image\/jpeg\" \/>\n<meta name=\"author\" content=\"psm_admin\" \/>\n<meta name=\"twitter:card\" content=\"summary_large_image\" \/>\n<meta name=\"twitter:creator\" content=\"@OUCreliableone\" \/>\n<meta name=\"twitter:site\" content=\"@OUCreliableone\" \/>\n<meta name=\"twitter:label1\" content=\"\u00c9crit par\" \/>\n\t<meta name=\"twitter:data1\" content=\"psm_admin\" \/>\n\t<meta name=\"twitter:label2\" content=\"Dur\u00e9e de lecture estim\u00e9e\" \/>\n\t<meta name=\"twitter:data2\" content=\"3 minutes\" \/>\n<script type=\"application\/ld+json\" class=\"yoast-schema-graph\">{\"@context\":\"https:\\\/\\\/schema.org\",\"@graph\":[{\"@type\":\"Article\",\"@id\":\"https:\\\/\\\/ouc100.com\\\/news\\\/mayor-declares-ouc-100th-anniversary-day\\\/#article\",\"isPartOf\":{\"@id\":\"https:\\\/\\\/ouc100.com\\\/news\\\/mayor-declares-ouc-100th-anniversary-day\\\/\"},\"author\":{\"name\":\"psm_admin\",\"@id\":\"https:\\\/\\\/ouc100.com\\\/#\\\/schema\\\/person\\\/f11f3a69b758f68dc292f29c880021d2\"},\"headline\":\"Mayor Declares &#8220;OUC 100th Anniversary Day&#8221;\",\"datePublished\":\"2023-06-26T19:44:52+00:00\",\"dateModified\":\"2023-06-30T19:40:57+00:00\",\"mainEntityOfPage\":{\"@id\":\"https:\\\/\\\/ouc100.com\\\/news\\\/mayor-declares-ouc-100th-anniversary-day\\\/\"},\"wordCount\":617,\"publisher\":{\"@id\":\"https:\\\/\\\/ouc100.com\\\/#organization\"},\"image\":{\"@id\":\"https:\\\/\\\/ouc100.com\\\/news\\\/mayor-declares-ouc-100th-anniversary-day\\\/#primaryimage\"},\"thumbnailUrl\":\"https:\\\/\\\/ouc100.com\\\/wp-content\\\/uploads\\\/2023\\\/06\\\/proclamation-2.jpg\",\"articleSection\":[\"News\"],\"inLanguage\":\"fr-FR\"},{\"@type\":\"WebPage\",\"@id\":\"https:\\\/\\\/ouc100.com\\\/news\\\/mayor-declares-ouc-100th-anniversary-day\\\/\",\"url\":\"https:\\\/\\\/ouc100.com\\\/news\\\/mayor-declares-ouc-100th-anniversary-day\\\/\",\"name\":\"Mayor Declares \\\"OUC 100th Anniversary Day\\\" | OUC 100 News\",\"isPartOf\":{\"@id\":\"https:\\\/\\\/ouc100.com\\\/#website\"},\"primaryImageOfPage\":{\"@id\":\"https:\\\/\\\/ouc100.com\\\/news\\\/mayor-declares-ouc-100th-anniversary-day\\\/#primaryimage\"},\"image\":{\"@id\":\"https:\\\/\\\/ouc100.com\\\/news\\\/mayor-declares-ouc-100th-anniversary-day\\\/#primaryimage\"},\"thumbnailUrl\":\"https:\\\/\\\/ouc100.com\\\/wp-content\\\/uploads\\\/2023\\\/06\\\/proclamation-2.jpg\",\"datePublished\":\"2023-06-26T19:44:52+00:00\",\"dateModified\":\"2023-06-30T19:40:57+00:00\",\"description\":\"Orlando Mayor Buddy Dyer gave special recognition to June 26, 2023, declaring it \u201cOUC 100th Anniversary Day\u201d in a City Hall ceremony.\",\"breadcrumb\":{\"@id\":\"https:\\\/\\\/ouc100.com\\\/news\\\/mayor-declares-ouc-100th-anniversary-day\\\/#breadcrumb\"},\"inLanguage\":\"fr-FR\",\"potentialAction\":[{\"@type\":\"ReadAction\",\"target\":[\"https:\\\/\\\/ouc100.com\\\/news\\\/mayor-declares-ouc-100th-anniversary-day\\\/\"]}]},{\"@type\":\"ImageObject\",\"inLanguage\":\"fr-FR\",\"@id\":\"https:\\\/\\\/ouc100.com\\\/news\\\/mayor-declares-ouc-100th-anniversary-day\\\/#primaryimage\",\"url\":\"https:\\\/\\\/ouc100.com\\\/wp-content\\\/uploads\\\/2023\\\/06\\\/proclamation-2.jpg\",\"contentUrl\":\"https:\\\/\\\/ouc100.com\\\/wp-content\\\/uploads\\\/2023\\\/06\\\/proclamation-2.jpg\",\"width\":1364,\"height\":743,\"caption\":\"Proclamation by Orlando Mayor Buddy Dyer - OUC 100 - A Century of Reliability\"},{\"@type\":\"BreadcrumbList\",\"@id\":\"https:\\\/\\\/ouc100.com\\\/news\\\/mayor-declares-ouc-100th-anniversary-day\\\/#breadcrumb\",\"itemListElement\":[{\"@type\":\"ListItem\",\"position\":1,\"name\":\"Home\",\"item\":\"https:\\\/\\\/ouc100.com\\\/en\\\/\"},{\"@type\":\"ListItem\",\"position\":2,\"name\":\"Mayor Declares &#8220;OUC 100th Anniversary Day&#8221;\"}]},{\"@type\":\"WebSite\",\"@id\":\"https:\\\/\\\/ouc100.com\\\/#website\",\"url\":\"https:\\\/\\\/ouc100.com\\\/\",\"name\":\"OUC 100\",\"description\":\"A Century of Reliability\",\"publisher\":{\"@id\":\"https:\\\/\\\/ouc100.com\\\/#organization\"},\"potentialAction\":[{\"@type\":\"SearchAction\",\"target\":{\"@type\":\"EntryPoint\",\"urlTemplate\":\"https:\\\/\\\/ouc100.com\\\/?s={search_term_string}\"},\"query-input\":{\"@type\":\"PropertyValueSpecification\",\"valueRequired\":true,\"valueName\":\"search_term_string\"}}],\"inLanguage\":\"fr-FR\"},{\"@type\":\"Organization\",\"@id\":\"https:\\\/\\\/ouc100.com\\\/#organization\",\"name\":\"OUC-The Reliable One (Orlando Utilities Commission)\",\"url\":\"https:\\\/\\\/ouc100.com\\\/\",\"logo\":{\"@type\":\"ImageObject\",\"inLanguage\":\"fr-FR\",\"@id\":\"https:\\\/\\\/ouc100.com\\\/#\\\/schema\\\/logo\\\/image\\\/\",\"url\":\"https:\\\/\\\/ouc100.com\\\/wp-content\\\/uploads\\\/2023\\\/06\\\/OUC100-logo-tagline-lockup-1.png\",\"contentUrl\":\"https:\\\/\\\/ouc100.com\\\/wp-content\\\/uploads\\\/2023\\\/06\\\/OUC100-logo-tagline-lockup-1.png\",\"width\":1200,\"height\":420,\"caption\":\"OUC-The Reliable One (Orlando Utilities Commission)\"},\"image\":{\"@id\":\"https:\\\/\\\/ouc100.com\\\/#\\\/schema\\\/logo\\\/image\\\/\"},\"sameAs\":[\"https:\\\/\\\/www.facebook.com\\\/oucthereliableone\",\"https:\\\/\\\/x.com\\\/OUCreliableone\",\"https:\\\/\\\/www.youtube.com\\\/user\\\/OUCTV\",\"https:\\\/\\\/www.instagram.com\\\/oucreliableone\\\/\"]},{\"@type\":\"Person\",\"@id\":\"https:\\\/\\\/ouc100.com\\\/#\\\/schema\\\/person\\\/f11f3a69b758f68dc292f29c880021d2\",\"name\":\"psm_admin\",\"image\":{\"@type\":\"ImageObject\",\"inLanguage\":\"fr-FR\",\"@id\":\"https:\\\/\\\/secure.gravatar.com\\\/avatar\\\/599ed8859e914c2ef7a2ea3fb2991c4590dd6f71b6f9c02b88454f4372fa4b12?s=96&d=mm&r=g\",\"url\":\"https:\\\/\\\/secure.gravatar.com\\\/avatar\\\/599ed8859e914c2ef7a2ea3fb2991c4590dd6f71b6f9c02b88454f4372fa4b12?s=96&d=mm&r=g\",\"contentUrl\":\"https:\\\/\\\/secure.gravatar.com\\\/avatar\\\/599ed8859e914c2ef7a2ea3fb2991c4590dd6f71b6f9c02b88454f4372fa4b12?s=96&d=mm&r=g\",\"caption\":\"psm_admin\"}}]}<\/script>\n<!-- \/ Yoast SEO plugin. -->","yoast_head_json":{"title":"Mayor Declares \"OUC 100th Anniversary Day\" | OUC 100 News","description":"Le maire d&#039;Orlando, Buddy Dyer, a accord\u00e9 une reconnaissance particuli\u00e8re au 26 juin 2023, en le d\u00e9clarant \u00ab\u00a0Jour du 100e anniversaire de l&#039;OUC\u00a0\u00bb lors d&#039;une c\u00e9r\u00e9monie \u00e0 l&#039;h\u00f4tel de ville.","robots":{"index":"index","follow":"follow","max-snippet":"max-snippet:-1","max-image-preview":"max-image-preview:large","max-video-preview":"max-video-preview:-1"},"canonical":"https:\/\/ouc100.com\/fr\/news\/mayor-declares-ouc-100th-anniversary-day\/","og_locale":"fr_FR","og_type":"article","og_title":"Mayor Declares \"OUC 100th Anniversary Day\" | OUC 100 News","og_description":"Orlando Mayor Buddy Dyer gave special recognition to June 26, 2023, declaring it \u201cOUC 100th Anniversary Day\u201d in a City Hall ceremony.","og_url":"https:\/\/ouc100.com\/fr\/news\/mayor-declares-ouc-100th-anniversary-day\/","og_site_name":"OUC 100","article_publisher":"https:\/\/www.facebook.com\/oucthereliableone","article_published_time":"2023-06-26T19:44:52+00:00","article_modified_time":"2023-06-30T19:40:57+00:00","og_image":[{"width":1364,"height":743,"url":"https:\/\/ouc100.com\/wp-content\/uploads\/2023\/06\/proclamation-2.jpg","type":"image\/jpeg"}],"author":"psm_admin","twitter_card":"summary_large_image","twitter_creator":"@OUCreliableone","twitter_site":"@OUCreliableone","twitter_misc":{"\u00c9crit par":"psm_admin","Dur\u00e9e de lecture estim\u00e9e":"3 minutes"},"schema":{"@context":"https:\/\/schema.org","@graph":[{"@type":"Article","@id":"https:\/\/ouc100.com\/news\/mayor-declares-ouc-100th-anniversary-day\/#article","isPartOf":{"@id":"https:\/\/ouc100.com\/news\/mayor-declares-ouc-100th-anniversary-day\/"},"author":{"name":"psm_admin","@id":"https:\/\/ouc100.com\/#\/schema\/person\/f11f3a69b758f68dc292f29c880021d2"},"headline":"Mayor Declares &#8220;OUC 100th Anniversary Day&#8221;","datePublished":"2023-06-26T19:44:52+00:00","dateModified":"2023-06-30T19:40:57+00:00","mainEntityOfPage":{"@id":"https:\/\/ouc100.com\/news\/mayor-declares-ouc-100th-anniversary-day\/"},"wordCount":617,"publisher":{"@id":"https:\/\/ouc100.com\/#organization"},"image":{"@id":"https:\/\/ouc100.com\/news\/mayor-declares-ouc-100th-anniversary-day\/#primaryimage"},"thumbnailUrl":"https:\/\/ouc100.com\/wp-content\/uploads\/2023\/06\/proclamation-2.jpg","articleSection":["News"],"inLanguage":"fr-FR"},{"@type":"WebPage","@id":"https:\/\/ouc100.com\/news\/mayor-declares-ouc-100th-anniversary-day\/","url":"https:\/\/ouc100.com\/news\/mayor-declares-ouc-100th-anniversary-day\/","name":"Mayor Declares \"OUC 100th Anniversary Day\" | OUC 100 News","isPartOf":{"@id":"https:\/\/ouc100.com\/#website"},"primaryImageOfPage":{"@id":"https:\/\/ouc100.com\/news\/mayor-declares-ouc-100th-anniversary-day\/#primaryimage"},"image":{"@id":"https:\/\/ouc100.com\/news\/mayor-declares-ouc-100th-anniversary-day\/#primaryimage"},"thumbnailUrl":"https:\/\/ouc100.com\/wp-content\/uploads\/2023\/06\/proclamation-2.jpg","datePublished":"2023-06-26T19:44:52+00:00","dateModified":"2023-06-30T19:40:57+00:00","description":"Le maire d&#039;Orlando, Buddy Dyer, a accord\u00e9 une reconnaissance particuli\u00e8re au 26 juin 2023, en le d\u00e9clarant \u00ab\u00a0Jour du 100e anniversaire de l&#039;OUC\u00a0\u00bb lors d&#039;une c\u00e9r\u00e9monie \u00e0 l&#039;h\u00f4tel de ville.","breadcrumb":{"@id":"https:\/\/ouc100.com\/news\/mayor-declares-ouc-100th-anniversary-day\/#breadcrumb"},"inLanguage":"fr-FR","potentialAction":[{"@type":"ReadAction","target":["https:\/\/ouc100.com\/news\/mayor-declares-ouc-100th-anniversary-day\/"]}]},{"@type":"ImageObject","inLanguage":"fr-FR","@id":"https:\/\/ouc100.com\/news\/mayor-declares-ouc-100th-anniversary-day\/#primaryimage","url":"https:\/\/ouc100.com\/wp-content\/uploads\/2023\/06\/proclamation-2.jpg","contentUrl":"https:\/\/ouc100.com\/wp-content\/uploads\/2023\/06\/proclamation-2.jpg","width":1364,"height":743,"caption":"Proclamation by Orlando Mayor Buddy Dyer - OUC 100 - A Century of Reliability"},{"@type":"BreadcrumbList","@id":"https:\/\/ouc100.com\/news\/mayor-declares-ouc-100th-anniversary-day\/#breadcrumb","itemListElement":[{"@type":"ListItem","position":1,"name":"Home","item":"https:\/\/ouc100.com\/en\/"},{"@type":"ListItem","position":2,"name":"Mayor Declares &#8220;OUC 100th Anniversary Day&#8221;"}]},{"@type":"WebSite","@id":"https:\/\/ouc100.com\/#website","url":"https:\/\/ouc100.com\/","name":"UC 100","description":"Un si\u00e8cle de fiabilit\u00e9","publisher":{"@id":"https:\/\/ouc100.com\/#organization"},"potentialAction":[{"@type":"SearchAction","target":{"@type":"EntryPoint","urlTemplate":"https:\/\/ouc100.com\/?s={search_term_string}"},"query-input":{"@type":"PropertyValueSpecification","valueRequired":true,"valueName":"search_term_string"}}],"inLanguage":"fr-FR"},{"@type":"Organization","@id":"https:\/\/ouc100.com\/#organization","name":"OUC-The Reliable One (Orlando Utilities Commission)","url":"https:\/\/ouc100.com\/","logo":{"@type":"ImageObject","inLanguage":"fr-FR","@id":"https:\/\/ouc100.com\/#\/schema\/logo\/image\/","url":"https:\/\/ouc100.com\/wp-content\/uploads\/2023\/06\/OUC100-logo-tagline-lockup-1.png","contentUrl":"https:\/\/ouc100.com\/wp-content\/uploads\/2023\/06\/OUC100-logo-tagline-lockup-1.png","width":1200,"height":420,"caption":"OUC-The Reliable One (Orlando Utilities Commission)"},"image":{"@id":"https:\/\/ouc100.com\/#\/schema\/logo\/image\/"},"sameAs":["https:\/\/www.facebook.com\/oucthereliableone","https:\/\/x.com\/OUCreliableone","https:\/\/www.youtube.com\/user\/OUCTV","https:\/\/www.instagram.com\/oucreliableone\/"]},{"@type":"Person","@id":"https:\/\/ouc100.com\/#\/schema\/person\/f11f3a69b758f68dc292f29c880021d2","name":"psm_admin","image":{"@type":"ImageObject","inLanguage":"fr-FR","@id":"https:\/\/secure.gravatar.com\/avatar\/599ed8859e914c2ef7a2ea3fb2991c4590dd6f71b6f9c02b88454f4372fa4b12?s=96&d=mm&r=g","url":"https:\/\/secure.gravatar.com\/avatar\/599ed8859e914c2ef7a2ea3fb2991c4590dd6f71b6f9c02b88454f4372fa4b12?s=96&d=mm&r=g","contentUrl":"https:\/\/secure.gravatar.com\/avatar\/599ed8859e914c2ef7a2ea3fb2991c4590dd6f71b6f9c02b88454f4372fa4b12?s=96&d=mm&r=g","caption":"psm_admin"}}]}},"_links":{"self":[{"href":"https:\/\/ouc100.com\/fr\/wp-json\/wp\/v2\/posts\/2882","targetHints":{"allow":["GET"]}}],"collection":[{"href":"https:\/\/ouc100.com\/fr\/wp-json\/wp\/v2\/posts"}],"about":[{"href":"https:\/\/ouc100.com\/fr\/wp-json\/wp\/v2\/types\/post"}],"author":[{"embeddable":true,"href":"https:\/\/ouc100.com\/fr\/wp-json\/wp\/v2\/users\/1"}],"replies":[{"embeddable":true,"href":"https:\/\/ouc100.com\/fr\/wp-json\/wp\/v2\/comments?post=2882"}],"version-history":[{"count":0,"href":"https:\/\/ouc100.com\/fr\/wp-json\/wp\/v2\/posts\/2882\/revisions"}],"wp:featuredmedia":[{"embeddable":true,"href":"https:\/\/ouc100.com\/fr\/wp-json\/wp\/v2\/media\/2819"}],"wp:attachment":[{"href":"https:\/\/ouc100.com\/fr\/wp-json\/wp\/v2\/media?parent=2882"}],"wp:term":[{"taxonomy":"category","embeddable":true,"href":"https:\/\/ouc100.com\/fr\/wp-json\/wp\/v2\/categories?post=2882"},{"taxonomy":"post_tag","embeddable":true,"href":"https:\/\/ouc100.com\/fr\/wp-json\/wp\/v2\/tags?post=2882"}],"curies":[{"name":"wp","href":"https:\/\/api.w.org\/{rel}","templated":true}]}}